{"id":1332,"date":"2018-10-07T10:30:26","date_gmt":"2018-10-07T08:30:26","guid":{"rendered":"http:\/\/zelenykomin.cz\/?p=1332"},"modified":"2018-10-07T11:11:21","modified_gmt":"2018-10-07T09:11:21","slug":"dekujeme-za-podporu","status":"publish","type":"post","link":"http:\/\/zelenykomin.cz\/?p=1332","title":{"rendered":"D\u011bkujeme za podporu"},"content":{"rendered":"<p><strong>D\u011bkujeme v\u00e1m za d\u016fv\u011bru, kterou jste n\u00e1m v komun\u00e1ln\u00edch volb\u00e1ch dali. Velice si ji v\u00e1\u017e\u00edme. Budeme se sna\u017eit ud\u011blat maximum, aby bylo v Kom\u00edn\u011b st\u00e1le v\u00edce v\u011bc\u00ed k radosti a m\u00e9n\u011b k nespokojenosti.<\/strong><\/p>\n<p><a href=\"http:\/\/zelenykomin.cz\/wp-content\/uploads\/2018\/09\/placka_2_tisk.jpg\"><img loading=\"lazy\" decoding=\"async\" class=\"alignnone wp-image-1239\" src=\"http:\/\/zelenykomin.cz\/wp-content\/uploads\/2018\/09\/placka_2_tisk-298x300.jpg\" alt=\"placka_2_tisk\" width=\"200\" height=\"201\" srcset=\"http:\/\/zelenykomin.cz\/wp-content\/uploads\/2018\/09\/placka_2_tisk-298x300.jpg 298w, http:\/\/zelenykomin.cz\/wp-content\/uploads\/2018\/09\/placka_2_tisk-150x150.jpg 150w, http:\/\/zelenykomin.cz\/wp-content\/uploads\/2018\/09\/placka_2_tisk-1018x1024.jpg 1018w, http:\/\/zelenykomin.cz\/wp-content\/uploads\/2018\/09\/placka_2_tisk.jpg 1889w\" sizes=\"(max-width: 200px) 100vw, 200px\" \/><\/a><\/p>\n","protected":false},"excerpt":{"rendered":"<p>D\u011bkujeme v\u00e1m za d\u016fv\u011bru, kterou jste n\u00e1m v komun\u00e1ln\u00edch volb\u00e1ch dali. Velice si ji v\u00e1\u017e\u00edme. Budeme se sna\u017eit ud\u011blat maximum, aby bylo v Kom\u00edn\u011b st\u00e1le v\u00edce v\u011bc\u00ed k radosti a m\u00e9n\u011b k nespokojenosti.<\/p>\n","protected":false},"author":6,"featured_media":0,"comment_status":"open","ping_status":"open","sticky":false,"template":"","format":"standard","meta":{"footnotes":""},"categories":[8,9],"tags":[],"_links":{"self":[{"href":"http:\/\/zelenykomin.cz\/index.php?rest_route=\/wp\/v2\/posts\/1332"}],"collection":[{"href":"http:\/\/zelenykomin.cz\/index.php?rest_route=\/wp\/v2\/posts"}],"about":[{"href":"http:\/\/zelenykomin.cz\/index.php?rest_route=\/wp\/v2\/types\/post"}],"author":[{"embeddable":true,"href":"http:\/\/zelenykomin.cz\/index.php?rest_route=\/wp\/v2\/users\/6"}],"replies":[{"embeddable":true,"href":"http:\/\/zelenykomin.cz\/index.php?rest_route=%2Fwp%2Fv2%2Fcomments&post=1332"}],"version-history":[{"count":2,"href":"http:\/\/zelenykomin.cz\/index.php?rest_route=\/wp\/v2\/posts\/1332\/revisions"}],"predecessor-version":[{"id":1334,"href":"http:\/\/zelenykomin.cz\/index.php?rest_route=\/wp\/v2\/posts\/1332\/revisions\/1334"}],"wp:attachment":[{"href":"http:\/\/zelenykomin.cz\/index.php?rest_route=%2Fwp%2Fv2%2Fmedia&parent=1332"}],"wp:term":[{"taxonomy":"category","embeddable":true,"href":"http:\/\/zelenykomin.cz\/index.php?rest_route=%2Fwp%2Fv2%2Fcategories&post=1332"},{"taxonomy":"post_tag","embeddable":true,"href":"http:\/\/zelenykomin.cz\/index.php?rest_route=%2Fwp%2Fv2%2Ftags&post=1332"}],"curies":[{"name":"wp","href":"https:\/\/api.w.org\/{rel}","templated":true}]}}