{"id":1318,"date":"2018-10-03T20:30:20","date_gmt":"2018-10-03T18:30:20","guid":{"rendered":"http:\/\/zelenykomin.cz\/?p=1318"},"modified":"2018-10-03T20:31:55","modified_gmt":"2018-10-03T18:31:55","slug":"rozhovor-se-starostkou-miladou-blatnou","status":"publish","type":"post","link":"http:\/\/zelenykomin.cz\/?p=1318","title":{"rendered":"Rozhovor se starostkou Miladou Blatnou"},"content":{"rendered":"<p><a href=\"http:\/\/zelenykomin.cz\/wp-content\/uploads\/2018\/10\/DSC_0312.jpg\"><img loading=\"lazy\" decoding=\"async\" class=\"alignright wp-image-1326\" src=\"http:\/\/zelenykomin.cz\/wp-content\/uploads\/2018\/10\/DSC_0312.jpg\" alt=\"DSC_0312\" width=\"295\" height=\"444\" srcset=\"http:\/\/zelenykomin.cz\/wp-content\/uploads\/2018\/10\/DSC_0312.jpg 500w, http:\/\/zelenykomin.cz\/wp-content\/uploads\/2018\/10\/DSC_0312-199x300.jpg 199w\" sizes=\"(max-width: 295px) 100vw, 295px\" \/><\/a>Chcete si p\u0159e\u010d\u00edst rozhovor Magdaleny Macekov\u00e9 s pan\u00ed starostkou Miladou Blatnou? O tom, co je podle n\u00ed pro Kom\u00edn d\u016fle\u017eit\u00e9, z \u010deho se lze radovat, co lze zlep\u0161it? P\u0159ij\u010fte si na n\u00e1\u0161 volebn\u00ed st\u00e1nek u Star\u00e9 hasi\u010dky pro na\u0161e noviny nebo si je v pdf st\u00e1hn\u011bte z na\u0161eho webu, link je na konci tohoto p\u0159\u00edsp\u011bvku. A tady je mal\u00e1 &#8222;ochutn\u00e1vka&#8220; rozhovoru.<\/p>\n<p><em><strong>M\u016f\u017eete n\u00e1m p\u0159ibl\u00ed\u017eit, pro\u010d se Kom\u00edn zapojil do programu Family Friendly Community\u00a0 Audit (Obec p\u0159\u00e1telsk\u00e1 rodin\u011b) a co je jeho v\u00fdstupem?<\/strong><\/em><\/p>\n<p>D\u016fvody jsou dva \u2013 cht\u011bli jsme s lidmi vstoupit do debaty o Kom\u00edn\u011b, podpo\u0159it jejich v\u011bt\u0161\u00ed zapojen\u00ed do kom\u00ednsk\u00e9ho d\u011bn\u00ed a chceme tak\u00e9 z\u00edskat certifik\u00e1t, kter\u00fd n\u00e1m pom\u016f\u017ee v p\u0159\u00edstupu k nov\u00fdm dotac\u00edm. Schv\u00e1len\u00fd pl\u00e1n n\u00e1s zavazuje do t\u0159\u00ed let vybudovat nap\u0159\u00edklad ve\u0159ejn\u00e9 WC na dopravn\u00edm h\u0159i\u0161ti nebo iniciovat doveden\u00ed MHD do obchodn\u00edho are\u00e1lu u UNIHOBBY.<br \/>\nT\u011bch podn\u011bt\u016f bylo ale mnohem v\u00edce. N\u011bkter\u00e9 nejsou re\u00e1ln\u00e9. Nap\u0159\u00edklad v Kom\u00edn\u011b nem\u00e1me prostor na po\u0159\u00e1dn\u00fd supermarket a neum\u00edme zajistit, aby se v n\u011bm dalo levn\u011b nakoupit. Ale jsou i podn\u011bty, kter\u00fdmi se bude zab\u00fdvat ka\u017ed\u00fd moudr\u00fd kon\u0161el. Pat\u0159\u00ed k nim zachov\u00e1n\u00ed<br \/>\ntradic, zaji\u0161t\u011bn\u00ed aktivit pro seniory nebo vybudov\u00e1n\u00ed h\u0159i\u0161t\u011b pro teenegary.<\/p>\n<p><strong><em>Mezi Va\u0161e d\u016fle\u017eit\u00e1 t\u00e9mata pat\u0159\u00ed senio\u0159i. Co pro n\u011b Kom\u00edn nab\u00edz\u00ed?<\/em><\/strong><\/p>\n<p>Za\u010dali jsme setk\u00e1v\u00e1n\u00edm s jubilanty. Vzpom\u00edn\u00e1m si, \u017ee na prvn\u00ed setk\u00e1n\u00ed p\u0159ijala pozv\u00e1n\u00ed na radnici pouze jedna jubilantka. Sed\u011bly jsme spolu u k\u00e1vy a chleb\u00ed\u010dku a pov\u00eddaly si. Trochu m\u011b mrzelo, \u017ee nep\u0159i\u0161lo v\u00edc lid\u00ed. V kr\u00e1tk\u00e9 dob\u011b se situace oto\u010dila. Dnes je plno a je to<br \/>\nv\u017edy velmi p\u0159\u00edjemn\u00e9. M\u00e1m radost, \u017ee se n\u00e1m da\u0159\u00ed nab\u00edzet na\u0161im senior\u016fm zaj\u00edmav\u00e9 p\u0159\u00edle\u017eitosti, jak tr\u00e1vit voln\u00fd \u010das. Velice obl\u00edben\u00e9 jsou nap\u0159. tr\u00e9ninky pam\u011bti. Pro m\u011b je<br \/>\ntakov\u00fdm z\u00e1sadn\u00edm projektem otev\u0159en\u00ed Univerzity t\u0159et\u00edho v\u011bku v Kom\u00edn\u011b. Z\u00e1jem<br \/>\no studim byl naprosto ne\u010dekan\u00fd, m\u00edsto jedn\u00e9 t\u0159\u00eddy mus\u00edme otev\u0159\u00edt rovnou dv\u011b.<\/p>\n<p>&#8230;<\/p>\n<p>Na\u0161e noviny s cel\u00fdm rozhovorem si m\u016f\u017eete st\u00e1hnout <a href=\"http:\/\/zelenykomin.cz\/wp-content\/uploads\/2018\/10\/noviny-pdf_web.pdf\">ZDE<\/a><\/p>\n","protected":false},"excerpt":{"rendered":"<p>Chcete si p\u0159e\u010d\u00edst rozhovor Magdaleny Macekov\u00e9 s pan\u00ed starostkou Miladou Blatnou? O tom, co je podle n\u00ed pro Kom\u00edn d\u016fle\u017eit\u00e9, z \u010deho se lze radovat, co lze zlep\u0161it? P\u0159ij\u010fte si na n\u00e1\u0161 volebn\u00ed st\u00e1nek u Star\u00e9 hasi\u010dky pro na\u0161e noviny &hellip; <a href=\"http:\/\/zelenykomin.cz\/?p=1318\">Cel\u00fd p\u0159\u00edsp\u011bvek <span class=\"meta-nav\">&rarr;<\/span><\/a><\/p>\n","protected":false},"author":6,"featured_media":0,"comment_status":"open","ping_status":"open","sticky":false,"template":"","format":"standard","meta":{"footnotes":""},"categories":[8,9],"tags":[],"_links":{"self":[{"href":"http:\/\/zelenykomin.cz\/index.php?rest_route=\/wp\/v2\/posts\/1318"}],"collection":[{"href":"http:\/\/zelenykomin.cz\/index.php?rest_route=\/wp\/v2\/posts"}],"about":[{"href":"http:\/\/zelenykomin.cz\/index.php?rest_route=\/wp\/v2\/types\/post"}],"author":[{"embeddable":true,"href":"http:\/\/zelenykomin.cz\/index.php?rest_route=\/wp\/v2\/users\/6"}],"replies":[{"embeddable":true,"href":"http:\/\/zelenykomin.cz\/index.php?rest_route=%2Fwp%2Fv2%2Fcomments&post=1318"}],"version-history":[{"count":11,"href":"http:\/\/zelenykomin.cz\/index.php?rest_route=\/wp\/v2\/posts\/1318\/revisions"}],"predecessor-version":[{"id":1331,"href":"http:\/\/zelenykomin.cz\/index.php?rest_route=\/wp\/v2\/posts\/1318\/revisions\/1331"}],"wp:attachment":[{"href":"http:\/\/zelenykomin.cz\/index.php?rest_route=%2Fwp%2Fv2%2Fmedia&parent=1318"}],"wp:term":[{"taxonomy":"category","embeddable":true,"href":"http:\/\/zelenykomin.cz\/index.php?rest_route=%2Fwp%2Fv2%2Fcategories&post=1318"},{"taxonomy":"post_tag","embeddable":true,"href":"http:\/\/zelenykomin.cz\/index.php?rest_route=%2Fwp%2Fv2%2Ftags&post=1318"}],"curies":[{"name":"wp","href":"https:\/\/api.w.org\/{rel}","templated":true}]}}