{"id":1299,"date":"2018-09-28T21:26:59","date_gmt":"2018-09-28T19:26:59","guid":{"rendered":"http:\/\/zelenykomin.cz\/?p=1299"},"modified":"2018-09-28T21:27:27","modified_gmt":"2018-09-28T19:27:27","slug":"chceme-aby-se-v-komine-o-tom-zda-a-jak-zavest-rezidentni-parkovani-rozhodovalo-v-co-nejuzsi-diskusi-s-obcany","status":"publish","type":"post","link":"http:\/\/zelenykomin.cz\/?p=1299","title":{"rendered":"Chceme, aby se v Kom\u00edn\u011b o tom zda a jak zav\u00e9st rezidentn\u00ed parkov\u00e1n\u00ed rozhodovalo v co neju\u017e\u0161\u00ed diskusi s ob\u010dany"},"content":{"rendered":"<p><strong>Rezidentn\u00ed parkov\u00e1n\u00ed je jedn\u00edm z\u00a0nejfrekventovan\u011bj\u0161\u00edch t\u00e9mat t\u011bchto komun\u00e1ln\u00edch voleb v\u00a0Brn\u011b. Na volebn\u00edm st\u00e1nku se n\u00e1s ob\u010dan\u00e9 \u010dasto ptaj\u00ed: A co Kom\u00edn? Jak\u00fd m\u00e1te n\u00e1zor na rezidentn\u00ed parkov\u00e1n\u00ed ? P\u0159in\u00e1\u0161\u00edme v\u00e1m proto sv\u00e9 stanovisko.<\/strong><\/p>\n<p>Rezidentn\u00ed parkov\u00e1n\u00ed m\u016f\u017ee m\u011bst\u016fm pomoci jen v\u00a0p\u0159\u00edpad\u011b, \u017ee se jeho nastaven\u00ed op\u0159e o d\u016fkladn\u00e9 a p\u0159esn\u00e9 zji\u0161t\u011bn\u00ed stavu \u2013 kolik je v\u00a0kter\u00e9 \u010d\u00e1sti aut, kolik parkovac\u00edch m\u00edst, jak\u00e9 typy objekt\u016f, ke kter\u00fdm lid\u00e9 pot\u0159ebuj\u00ed jezdit, jsou v\u00a0bl\u00edzkosti apod. Pokud se zavede na nevhodn\u00e9m m\u00edst\u011b, v\u00a0nevhodn\u00e9m rozsahu \u010di re\u017eimu, m\u016f\u017ee situaci s\u00a0parkov\u00e1n\u00edm v\u00fdrazn\u011b zhor\u0161it. Pr\u00e1v\u011b slib, \u017ee m\u011bsto Brno rezidentn\u00ed parkov\u00e1n\u00ed nastav\u00ed uv\u00e1\u017eliv\u011b a podlo\u017een\u011b a zajist\u00ed pro m\u011bstsk\u00e9 \u010d\u00e1sti vstupn\u00ed podklady, na z\u00e1klad\u011b kter\u00fdch budou m\u011bstsk\u00e9 \u010d\u00e1sti rozhodovat, byl d\u016fvod, pro\u010d M\u010c Brno-Kom\u00edn souhlasila se zapojen\u00edm do prvn\u00ed f\u00e1ze \u0159e\u0161en\u00ed rezidentn\u00edho parkov\u00e1n\u00ed.\u00a0 Ta m\u011bla spo\u010d\u00edvat ve vyhotoven\u00ed podklad\u016f, jak na tom v\u016fbec Brno s\u00a0parkov\u00e1n\u00edm v\u00a0jednotliv\u00fdch sv\u00fdch \u010d\u00e1stech je. V roce 2015 proto M\u010c Brno-Kom\u00edn po\u017e\u00e1dala Brn\u011bnsk\u00e9 komunikace o prov\u011b\u0159en\u00ed stavu a zpracov\u00e1n\u00ed projektu n\u00e1vrhu \u0159e\u0161en\u00ed parkov\u00e1n\u00ed v\u00a0Kom\u00edn\u011b. Tento dokument by n\u00e1sledn\u011b slou\u017eil k projedn\u00e1n\u00ed s ve\u0159ejnost\u00ed. Do dne\u0161n\u00edho dne nebylo kom\u00ednsk\u00e9mu po\u017eadavku vyhov\u011bno. Jen na z\u00e1klad\u011b podrobn\u00fdch podklad\u016f se p\u0159itom lze rozhodnout, zda by pro Kom\u00edn \u010di n\u011bkterou z\u00a0jeho \u010d\u00e1st\u00ed bylo vhodn\u00e9 rezidentn\u00ed parkov\u00e1n\u00ed zav\u00e9st.\u00a0Bez nich nelze o rezidentn\u00edm parkov\u00e1n\u00ed objektivn\u011b rozhodovat, proto\u017ee chybn\u00e9 zaveden\u00ed by mohlo m\u00edt pro Kom\u00edn dopady, kter\u00e9 nechceme. \u00a0\u00a0<strong>O\u00a0zaveden\u00ed \u010di nezaveden\u00ed rezidentn\u00edho parkov\u00e1n\u00ed v\u00a0Kom\u00edn\u011b se tedy teprve bude rozhodovat! A podle na\u0161eho n\u00e1zoru by se m\u011blo rozhodovat v\u00a0co neju\u017e\u0161\u00edm dialogu s\u00a0ob\u010dany, proto\u017ee bez nich o podobn\u00fdch v\u011bcech prost\u011b rozhodovat nelze.<\/strong><\/p>\n<p><a href=\"http:\/\/zelenykomin.cz\/wp-content\/uploads\/2018\/09\/IMG_5941maly.jpg\"><img loading=\"lazy\" decoding=\"async\" class=\"alignnone wp-image-1306 size-large\" src=\"http:\/\/zelenykomin.cz\/wp-content\/uploads\/2018\/09\/IMG_5941maly-1024x682.jpg\" alt=\"IMG_5941maly\" width=\"640\" height=\"426\" srcset=\"http:\/\/zelenykomin.cz\/wp-content\/uploads\/2018\/09\/IMG_5941maly-1024x682.jpg 1024w, http:\/\/zelenykomin.cz\/wp-content\/uploads\/2018\/09\/IMG_5941maly-300x200.jpg 300w, http:\/\/zelenykomin.cz\/wp-content\/uploads\/2018\/09\/IMG_5941maly.jpg 1701w\" sizes=\"(max-width: 640px) 100vw, 640px\" \/><\/a><\/p>\n","protected":false},"excerpt":{"rendered":"<p>Rezidentn\u00ed parkov\u00e1n\u00ed je jedn\u00edm z\u00a0nejfrekventovan\u011bj\u0161\u00edch t\u00e9mat t\u011bchto komun\u00e1ln\u00edch voleb v\u00a0Brn\u011b. Na volebn\u00edm st\u00e1nku se n\u00e1s ob\u010dan\u00e9 \u010dasto ptaj\u00ed: A co Kom\u00edn? Jak\u00fd m\u00e1te n\u00e1zor na rezidentn\u00ed parkov\u00e1n\u00ed ? P\u0159in\u00e1\u0161\u00edme v\u00e1m proto sv\u00e9 stanovisko. Rezidentn\u00ed parkov\u00e1n\u00ed m\u016f\u017ee m\u011bst\u016fm pomoci jen v\u00a0p\u0159\u00edpad\u011b, &hellip; <a href=\"http:\/\/zelenykomin.cz\/?p=1299\">Cel\u00fd p\u0159\u00edsp\u011bvek <span class=\"meta-nav\">&rarr;<\/span><\/a><\/p>\n","protected":false},"author":6,"featured_media":0,"comment_status":"open","ping_status":"open","sticky":false,"template":"","format":"standard","meta":{"footnotes":""},"categories":[8,11,9],"tags":[],"_links":{"self":[{"href":"http:\/\/zelenykomin.cz\/index.php?rest_route=\/wp\/v2\/posts\/1299"}],"collection":[{"href":"http:\/\/zelenykomin.cz\/index.php?rest_route=\/wp\/v2\/posts"}],"about":[{"href":"http:\/\/zelenykomin.cz\/index.php?rest_route=\/wp\/v2\/types\/post"}],"author":[{"embeddable":true,"href":"http:\/\/zelenykomin.cz\/index.php?rest_route=\/wp\/v2\/users\/6"}],"replies":[{"embeddable":true,"href":"http:\/\/zelenykomin.cz\/index.php?rest_route=%2Fwp%2Fv2%2Fcomments&post=1299"}],"version-history":[{"count":6,"href":"http:\/\/zelenykomin.cz\/index.php?rest_route=\/wp\/v2\/posts\/1299\/revisions"}],"predecessor-version":[{"id":1307,"href":"http:\/\/zelenykomin.cz\/index.php?rest_route=\/wp\/v2\/posts\/1299\/revisions\/1307"}],"wp:attachment":[{"href":"http:\/\/zelenykomin.cz\/index.php?rest_route=%2Fwp%2Fv2%2Fmedia&parent=1299"}],"wp:term":[{"taxonomy":"category","embeddable":true,"href":"http:\/\/zelenykomin.cz\/index.php?rest_route=%2Fwp%2Fv2%2Fcategories&post=1299"},{"taxonomy":"post_tag","embeddable":true,"href":"http:\/\/zelenykomin.cz\/index.php?rest_route=%2Fwp%2Fv2%2Ftags&post=1299"}],"curies":[{"name":"wp","href":"https:\/\/api.w.org\/{rel}","templated":true}]}}