{"id":1258,"date":"2018-09-25T19:59:13","date_gmt":"2018-09-25T17:59:13","guid":{"rendered":"http:\/\/zelenykomin.cz\/?p=1258"},"modified":"2018-09-26T08:34:58","modified_gmt":"2018-09-26T06:34:58","slug":"seniori-skupina-ohrozena-dluhovou-pasti","status":"publish","type":"post","link":"http:\/\/zelenykomin.cz\/?p=1258","title":{"rendered":"Senio\u0159i \u2013 skupina ohro\u017eena dluhovou past\u00ed"},"content":{"rendered":"<p>P\u016fj\u010dka do deseti minut! Zavolejte a pen\u00edze m\u00e1te IHNED! Na podobn\u00e9 nab\u00eddky a reklamy nar\u00e1\u017e\u00edme ka\u017ed\u00fd den. A ani na\u0161i star\u0161\u00ed spoluob\u010dan\u00e9 nejsou v\u016f\u010di t\u011bmto l\u00e1kadl\u016fm, imunn\u00ed.<br \/>\nBohu\u017eel pr\u00e1v\u011b tato skupina lid\u00ed pat\u0159\u00ed k t\u011bm, kter\u00e9 velmi snadno d\u00edky &#8222;snadn\u00fdm&#8220; p\u016fj\u010dk\u00e1m\u00a0padaj\u00ed do tzv. dluhov\u00e9 pasti. Po\u010dty exekuc\u00ed uvalen\u00fdch na d\u016fchody v posledn\u00edch letech setrvale rostou, stejn\u011b jako rostou po\u010dty zadlu\u017een\u00fdch dom\u00e1cnost\u00ed. V\u00a0lo\u0148sk\u00e9m roce se jednalo o v\u00edce ne\u017e 85 tis\u00edc p\u0159\u00edpad\u016f exekuc\u00ed na starobn\u00ed d\u016fchod. Situace je opravdu v\u00e1\u017en\u00e1 o \u010dem\u017e sv\u011bd\u010d\u00ed \u010d\u00edsla, podle kter\u00fdch pr\u016fm\u011brn\u011b dlu\u017e\u00ed ka\u017ed\u00fd senior t\u00e9m\u011b\u0159 50.000 korun.<\/p>\n<p>Pravdou je, \u017ee situace senior\u016f je do jist\u00e9 m\u00edry specifick\u00e1. Jejich mo\u017enosti, jak zv\u00fd\u0161it p\u0159\u00edjmy, a tak moci spl\u00e1cet sv\u00e9 pohled\u00e1vky, jsou omezen\u00e9. Nav\u00edc se jen t\u011b\u017eko d\u00e1 u\u0161et\u0159it nap\u0159\u00edklad na v\u00fddaj\u00edch na l\u00e9ky a l\u00e9ka\u0159skou p\u00e9\u010di, o z\u00e1kladn\u00edch \u017eivotn\u00edch pot\u0159eb\u00e1ch nemluv\u011b. Dluhy si senio\u0159i tak\u00e9 nap\u0159\u00edklad p\u0159in\u00e1\u0161ej\u00ed ze sv\u00e9ho ekonomicky aktivn\u00edho \u017eivota nebo t\u00edm, \u017ee se neorientuj\u00ed v\u00a0aktu\u00e1ln\u00ed velk\u00e9 nab\u00eddce mo\u017enost\u00ed zm\u011bn dodavatel\u016f energi\u00ed a podvodn\u00e9ho jedn\u00e1n\u00ed s\u00a0t\u00edm spojen\u00fdm. Tedy nejen p\u016fj\u010dky jsou probl\u00e9mem, ale i t\u0159eba nab\u00eddka r\u016fzn\u00fdch slu\u017eeb, nap\u0159\u00edklad kominick\u00fdch.<\/p>\n<p><a href=\"http:\/\/zelenykomin.cz\/wp-content\/uploads\/2018\/09\/DSC_2033.jpg\"><img loading=\"lazy\" decoding=\"async\" class=\"alignnone wp-image-1259 size-full\" src=\"http:\/\/zelenykomin.cz\/wp-content\/uploads\/2018\/09\/DSC_2033.jpg\" alt=\"DSC_2033\" width=\"1000\" height=\"667\" srcset=\"http:\/\/zelenykomin.cz\/wp-content\/uploads\/2018\/09\/DSC_2033.jpg 1000w, http:\/\/zelenykomin.cz\/wp-content\/uploads\/2018\/09\/DSC_2033-300x200.jpg 300w\" sizes=\"(max-width: 1000px) 100vw, 1000px\" \/><\/a><\/p>\n<p>Sna\u017e\u00edme se dlouhodob\u011b v\u00a0na\u0161\u00ed m\u011bstsk\u00e9 \u010d\u00e1sti zab\u00fdvat t\u00edm, jak kom\u00ednsk\u00fdm senior\u016fm zp\u0159\u00edjemnit \u017eivot \u010di je podpo\u0159it p\u0159i \u0159e\u0161en\u00ed \u017eivotn\u00edch situac\u00ed. A\u0165 ji\u017e mo\u017enost\u00ed sd\u00edlet pot\u0159eby a z\u00e1\u017eitky, nebo c\u00edlen\u00fdmi aktiviza\u010dn\u00edmi a vzd\u011bl\u00e1vac\u00edmi programy. \u010casto v\u00a0\u0159e\u0161en\u00ed probl\u00e9m\u016f samoz\u0159ejm\u011b pom\u00e1h\u00e1 senior\u016fm rodina. N\u011bkdy ov\u0161em pomoc mezi \u010dleny rodiny nefunguje, p\u0159\u00edpadn\u011b ji\u017e senior \u017e\u00e1dnou rodinu nem\u00e1. V\u00a0t\u011bchto p\u0159\u00edpadech je nutn\u00e1 pomoc komunity. Na\u0161\u00edm c\u00edlem je, aby se ob\u010dan \u2013 senior m\u011bl na koho s d\u016fv\u011brou obr\u00e1tit a bylo u\u010din\u011bno v\u0161e pro jeho podporu v\u00a0jak\u00e9koli t\u00ed\u017eiv\u00e9 situaci.<\/p>\n<p><em>Andrea Slav\u00ed\u010dkov\u00e1<\/em><\/p>\n","protected":false},"excerpt":{"rendered":"<p>P\u016fj\u010dka do deseti minut! Zavolejte a pen\u00edze m\u00e1te IHNED! Na podobn\u00e9 nab\u00eddky a reklamy nar\u00e1\u017e\u00edme ka\u017ed\u00fd den. A ani na\u0161i star\u0161\u00ed spoluob\u010dan\u00e9 nejsou v\u016f\u010di t\u011bmto l\u00e1kadl\u016fm, imunn\u00ed. Bohu\u017eel pr\u00e1v\u011b tato skupina lid\u00ed pat\u0159\u00ed k t\u011bm, kter\u00e9 velmi snadno d\u00edky &#8222;snadn\u00fdm&#8220; &hellip; <a href=\"http:\/\/zelenykomin.cz\/?p=1258\">Cel\u00fd p\u0159\u00edsp\u011bvek <span class=\"meta-nav\">&rarr;<\/span><\/a><\/p>\n","protected":false},"author":6,"featured_media":0,"comment_status":"open","ping_status":"open","sticky":false,"template":"","format":"standard","meta":{"footnotes":""},"categories":[8,11,9],"tags":[],"_links":{"self":[{"href":"http:\/\/zelenykomin.cz\/index.php?rest_route=\/wp\/v2\/posts\/1258"}],"collection":[{"href":"http:\/\/zelenykomin.cz\/index.php?rest_route=\/wp\/v2\/posts"}],"about":[{"href":"http:\/\/zelenykomin.cz\/index.php?rest_route=\/wp\/v2\/types\/post"}],"author":[{"embeddable":true,"href":"http:\/\/zelenykomin.cz\/index.php?rest_route=\/wp\/v2\/users\/6"}],"replies":[{"embeddable":true,"href":"http:\/\/zelenykomin.cz\/index.php?rest_route=%2Fwp%2Fv2%2Fcomments&post=1258"}],"version-history":[{"count":3,"href":"http:\/\/zelenykomin.cz\/index.php?rest_route=\/wp\/v2\/posts\/1258\/revisions"}],"predecessor-version":[{"id":1297,"href":"http:\/\/zelenykomin.cz\/index.php?rest_route=\/wp\/v2\/posts\/1258\/revisions\/1297"}],"wp:attachment":[{"href":"http:\/\/zelenykomin.cz\/index.php?rest_route=%2Fwp%2Fv2%2Fmedia&parent=1258"}],"wp:term":[{"taxonomy":"category","embeddable":true,"href":"http:\/\/zelenykomin.cz\/index.php?rest_route=%2Fwp%2Fv2%2Fcategories&post=1258"},{"taxonomy":"post_tag","embeddable":true,"href":"http:\/\/zelenykomin.cz\/index.php?rest_route=%2Fwp%2Fv2%2Ftags&post=1258"}],"curies":[{"name":"wp","href":"https:\/\/api.w.org\/{rel}","templated":true}]}}