{"id":1078,"date":"2018-06-08T19:03:42","date_gmt":"2018-06-08T17:03:42","guid":{"rendered":"http:\/\/zelenykomin.cz\/?p=1078"},"modified":"2018-06-08T19:04:18","modified_gmt":"2018-06-08T17:04:18","slug":"chystame-se-do-rijnovych-voleb","status":"publish","type":"post","link":"http:\/\/zelenykomin.cz\/?p=1078","title":{"rendered":"Chyst\u00e1me se do \u0159\u00edjnov\u00fdch komun\u00e1ln\u00edch voleb"},"content":{"rendered":"<p>Komun\u00e1ln\u00ed volby prob\u011bhnou <strong>5. a 6. \u0159\u00edjna 2018<\/strong>. Po \u010dty\u0159ech letech v zastupitelstvu Kom\u00edna a ve veden\u00ed radnice jdeme znovu s chut\u00ed do toho, proto\u017ee si mysl\u00edme, \u017ee se na stran\u011b jedn\u00e9 leccos poda\u0159ilo a na stran\u011b druh\u00e9 leccos za \u010dty\u0159i roky nestihlo. Cht\u011bli bychom rozd\u011blanou pr\u00e1ci dokon\u010dit, cht\u011bli bychom uplatnit nov\u00e9 n\u00e1pady, cht\u011bli bychom nad\u00e1le pracovat ve prosp\u011bch obce. V\u00e1\u017e\u00edme si toho, \u017ee se k n\u00e1m p\u0159ipojili nov\u00ed lid\u00e9 s dobr\u00fdmi n\u00e1pady a energi\u00ed ud\u011blat maximum pro jejich realizaci.<\/p>\n<p>Co nejd\u0159\u00edve zve\u0159ejn\u00edme na webu na\u0161i kandid\u00e1tku a teze volebn\u00edho programu.<\/p>\n<p>Proto\u017ee si kampa\u0148 letos financujeme sami, uv\u00edt\u00e1me jak\u00e9koliv mal\u00e9 i velk\u00e9 finan\u010dn\u00ed dary. P\u0159isp\u011bt m\u016f\u017eete na transparentn\u00ed \u00fa\u010det u FIO banky <a href=\"https:\/\/ib.fio.cz\/ib\/transparent?a=2001449976\">2001449976\/2010<\/a>.<\/p>\n<p><a href=\"http:\/\/zelenykomin.cz\/wp-content\/uploads\/2018\/06\/IMG_0031_vyrez.jpg\"><img loading=\"lazy\" decoding=\"async\" class=\"alignnone wp-image-1084 size-large\" src=\"http:\/\/zelenykomin.cz\/wp-content\/uploads\/2018\/06\/IMG_0031_vyrez-1024x479.jpg\" alt=\"IMG_0031_vyrez\" width=\"640\" height=\"299\" srcset=\"http:\/\/zelenykomin.cz\/wp-content\/uploads\/2018\/06\/IMG_0031_vyrez-1024x479.jpg 1024w, http:\/\/zelenykomin.cz\/wp-content\/uploads\/2018\/06\/IMG_0031_vyrez-300x140.jpg 300w\" sizes=\"(max-width: 640px) 100vw, 640px\" \/><\/a><\/p>\n","protected":false},"excerpt":{"rendered":"<p>Komun\u00e1ln\u00ed volby prob\u011bhnou 5. a 6. \u0159\u00edjna 2018. Po \u010dty\u0159ech letech v zastupitelstvu Kom\u00edna a ve veden\u00ed radnice jdeme znovu s chut\u00ed do toho, proto\u017ee si mysl\u00edme, \u017ee se na stran\u011b jedn\u00e9 leccos poda\u0159ilo a na stran\u011b druh\u00e9 leccos za &hellip; <a href=\"http:\/\/zelenykomin.cz\/?p=1078\">Cel\u00fd p\u0159\u00edsp\u011bvek <span class=\"meta-nav\">&rarr;<\/span><\/a><\/p>\n","protected":false},"author":6,"featured_media":0,"comment_status":"open","ping_status":"open","sticky":false,"template":"","format":"standard","meta":{"footnotes":""},"categories":[8,9],"tags":[],"_links":{"self":[{"href":"http:\/\/zelenykomin.cz\/index.php?rest_route=\/wp\/v2\/posts\/1078"}],"collection":[{"href":"http:\/\/zelenykomin.cz\/index.php?rest_route=\/wp\/v2\/posts"}],"about":[{"href":"http:\/\/zelenykomin.cz\/index.php?rest_route=\/wp\/v2\/types\/post"}],"author":[{"embeddable":true,"href":"http:\/\/zelenykomin.cz\/index.php?rest_route=\/wp\/v2\/users\/6"}],"replies":[{"embeddable":true,"href":"http:\/\/zelenykomin.cz\/index.php?rest_route=%2Fwp%2Fv2%2Fcomments&post=1078"}],"version-history":[{"count":7,"href":"http:\/\/zelenykomin.cz\/index.php?rest_route=\/wp\/v2\/posts\/1078\/revisions"}],"predecessor-version":[{"id":1086,"href":"http:\/\/zelenykomin.cz\/index.php?rest_route=\/wp\/v2\/posts\/1078\/revisions\/1086"}],"wp:attachment":[{"href":"http:\/\/zelenykomin.cz\/index.php?rest_route=%2Fwp%2Fv2%2Fmedia&parent=1078"}],"wp:term":[{"taxonomy":"category","embeddable":true,"href":"http:\/\/zelenykomin.cz\/index.php?rest_route=%2Fwp%2Fv2%2Fcategories&post=1078"},{"taxonomy":"post_tag","embeddable":true,"href":"http:\/\/zelenykomin.cz\/index.php?rest_route=%2Fwp%2Fv2%2Ftags&post=1078"}],"curies":[{"name":"wp","href":"https:\/\/api.w.org\/{rel}","templated":true}]}}