{"id":1068,"date":"2018-05-08T20:24:29","date_gmt":"2018-05-08T18:24:29","guid":{"rendered":"http:\/\/zelenykomin.cz\/?p=1068"},"modified":"2018-05-08T20:24:30","modified_gmt":"2018-05-08T18:24:30","slug":"6-jarni-setkani-generaci","status":"publish","type":"post","link":"http:\/\/zelenykomin.cz\/?p=1068","title":{"rendered":"6. JARN\u00cd SETK\u00c1N\u00cd GENERAC\u00cd"},"content":{"rendered":"<p>Srde\u010dn\u011b V\u00e1s zveme na <strong>6. jarn\u00ed setk\u00e1n\u00ed generac\u00ed<\/strong>, kter\u00e9 se bude konat<br \/>\nv <strong>p\u00e1tek 25. kv\u011btna od 14.00 hod<\/strong> ve sprotovn\u00edm are\u00e1lu <strong>K\u00e1\u010caTa v Brn\u011b-Kom\u00edn\u011b<\/strong>.<\/p>\n<p>Jarn\u00ed setk\u00e1n\u00ed generac\u00ed, kter\u00e9 po\u0159\u00e1daj\u00ed brn\u011bn\u0161t\u00ed zelen\u00ed, m\u00e1 u\u017e svoji tradici.<br \/>\nV\u00a0leto\u0161n\u00edm roce se bude konat po\u0161est\u00e9, op\u011bt v\u00a0are\u00e1lu K\u00e1\u010caT. P\u0159ij\u010fte s\u00a0n\u00e1mi<br \/>\nspole\u010dn\u011b pob\u00fdt u cimb\u00e1lu. Probrat t\u00e9mata, kter\u00e1 v\u00e1s zaj\u00edmaj\u00ed a d\u00e1t si n\u011bco<br \/>\nk zakousnut\u00ed.<\/p>\n<p><a href=\"http:\/\/zelenykomin.cz\/wp-content\/uploads\/2018\/05\/6_JARNI_SETKANI_GENERACI_2018.jpg\"><img loading=\"lazy\" decoding=\"async\" class=\"alignnone wp-image-1073 size-large\" src=\"http:\/\/zelenykomin.cz\/wp-content\/uploads\/2018\/05\/6_JARNI_SETKANI_GENERACI_2018-724x1024.jpg\" alt=\"6_JARNI_SETKANI_GENERACI_2018\" width=\"640\" height=\"905\" srcset=\"http:\/\/zelenykomin.cz\/wp-content\/uploads\/2018\/05\/6_JARNI_SETKANI_GENERACI_2018-724x1024.jpg 724w, http:\/\/zelenykomin.cz\/wp-content\/uploads\/2018\/05\/6_JARNI_SETKANI_GENERACI_2018-212x300.jpg 212w, http:\/\/zelenykomin.cz\/wp-content\/uploads\/2018\/05\/6_JARNI_SETKANI_GENERACI_2018.jpg 1605w\" sizes=\"(max-width: 640px) 100vw, 640px\" \/><\/a><\/p>\n<p><a href=\"http:\/\/zelenykomin.cz\/wp-content\/uploads\/2018\/05\/6_JARNI_SETKANI_GENERACI_2018_-_plakat.pdf\">6_JARNI_SETKANI_GENERACI_2018_-_plakat<\/a><\/p>\n","protected":false},"excerpt":{"rendered":"<p>Srde\u010dn\u011b V\u00e1s zveme na 6. jarn\u00ed setk\u00e1n\u00ed generac\u00ed, kter\u00e9 se bude konat v p\u00e1tek 25. kv\u011btna od 14.00 hod ve sprotovn\u00edm are\u00e1lu K\u00e1\u010caTa v Brn\u011b-Kom\u00edn\u011b. Jarn\u00ed setk\u00e1n\u00ed generac\u00ed, kter\u00e9 po\u0159\u00e1daj\u00ed brn\u011bn\u0161t\u00ed zelen\u00ed, m\u00e1 u\u017e svoji tradici. V\u00a0leto\u0161n\u00edm roce se bude &hellip; <a href=\"http:\/\/zelenykomin.cz\/?p=1068\">Cel\u00fd p\u0159\u00edsp\u011bvek <span class=\"meta-nav\">&rarr;<\/span><\/a><\/p>\n","protected":false},"author":6,"featured_media":0,"comment_status":"open","ping_status":"open","sticky":false,"template":"","format":"standard","meta":{"footnotes":""},"categories":[1],"tags":[],"_links":{"self":[{"href":"http:\/\/zelenykomin.cz\/index.php?rest_route=\/wp\/v2\/posts\/1068"}],"collection":[{"href":"http:\/\/zelenykomin.cz\/index.php?rest_route=\/wp\/v2\/posts"}],"about":[{"href":"http:\/\/zelenykomin.cz\/index.php?rest_route=\/wp\/v2\/types\/post"}],"author":[{"embeddable":true,"href":"http:\/\/zelenykomin.cz\/index.php?rest_route=\/wp\/v2\/users\/6"}],"replies":[{"embeddable":true,"href":"http:\/\/zelenykomin.cz\/index.php?rest_route=%2Fwp%2Fv2%2Fcomments&post=1068"}],"version-history":[{"count":6,"href":"http:\/\/zelenykomin.cz\/index.php?rest_route=\/wp\/v2\/posts\/1068\/revisions"}],"predecessor-version":[{"id":1076,"href":"http:\/\/zelenykomin.cz\/index.php?rest_route=\/wp\/v2\/posts\/1068\/revisions\/1076"}],"wp:attachment":[{"href":"http:\/\/zelenykomin.cz\/index.php?rest_route=%2Fwp%2Fv2%2Fmedia&parent=1068"}],"wp:term":[{"taxonomy":"category","embeddable":true,"href":"http:\/\/zelenykomin.cz\/index.php?rest_route=%2Fwp%2Fv2%2Fcategories&post=1068"},{"taxonomy":"post_tag","embeddable":true,"href":"http:\/\/zelenykomin.cz\/index.php?rest_route=%2Fwp%2Fv2%2Ftags&post=1068"}],"curies":[{"name":"wp","href":"https:\/\/api.w.org\/{rel}","templated":true}]}}