{"id":1043,"date":"2018-01-05T21:33:04","date_gmt":"2018-01-05T20:33:04","guid":{"rendered":"http:\/\/zelenykomin.cz\/?p=1043"},"modified":"2018-01-05T21:34:21","modified_gmt":"2018-01-05T20:34:21","slug":"bohuslav-binka-ocenil-brnenske-zelene-starostky","status":"publish","type":"post","link":"http:\/\/zelenykomin.cz\/?p=1043","title":{"rendered":"Bohuslav Binka ocenil brn\u011bnsk\u00e9 zelen\u00e9 starostky"},"content":{"rendered":"<p>Ve velmi zaj\u00edmav\u00e9m rozhovoru Bohuslav Binka, vedouc\u00ed katedry environment\u00e1ln\u00edch studi\u00ed na Fakult\u011b soci\u00e1ln\u00edch studi\u00ed Masarykovy univerzity, komentuje mimo jin\u00e9 i s\u00edlu brn\u011bnsk\u00fdch zelen\u00fdch starostek:<\/p>\n<blockquote><p>Za brn\u011bnsk\u00fdmi Zelen\u00fdmi nestoj\u00ed ani abstraktn\u00ed hesla o sv\u011btov\u00e9 revoluci, ani pot\u0159eba za ka\u017edou cenu provokovat. Naopak si sta\u010d\u00ed zajet do Nov\u00e9ho L\u00edskovce, Kom\u00edna \u010di Jundrova a zeptat se m\u00edstn\u00edch, co pro n\u011b zelen\u00e1 starostka ud\u011blala. Bude to v\u0161ude dlouh\u00fd a podrobn\u00fd seznam. A m\u011bstsk\u00e9 st\u0159edo\u0161kol\u00e1ky i vysoko\u0161kol\u00e1ky s trochou zelen\u00e9ho c\u00edt\u011bn\u00ed oslov\u00ed daleko sp\u00ed\u0161e ne\u017e hran\u00e1 mladistv\u00e1 radikalita, kterou se prezentoval na celost\u00e1tn\u00ed \u00farovni Mat\u011bj Stropnick\u00fd. Mo\u017en\u00e1 by se v brn\u011bnsk\u00fdch m\u011bstsk\u00fdch \u010d\u00e1stech mohli inspirovat.<\/p><\/blockquote>\n<p>Bl\u00ed\u017ee v rozhovoru na <a href=\"https:\/\/brno.idnes.cz\/brno-lide-chteji-menit-svet-environmentalista-bohuslav-binka-pu2-\/brno-zpravy.aspx?c=A171227_372806_brno-zpravy_krut\">brno.idnes.cz<\/a><\/p>\n<p><a href=\"http:\/\/zelenykomin.cz\/wp-content\/uploads\/2018\/01\/IMG_1657.jpg\"><img loading=\"lazy\" decoding=\"async\" class=\"alignnone wp-image-1051 size-large\" src=\"http:\/\/zelenykomin.cz\/wp-content\/uploads\/2018\/01\/IMG_1657-1024x550.jpg\" alt=\"IMG_1657\" width=\"640\" height=\"343\" srcset=\"http:\/\/zelenykomin.cz\/wp-content\/uploads\/2018\/01\/IMG_1657-1024x550.jpg 1024w, http:\/\/zelenykomin.cz\/wp-content\/uploads\/2018\/01\/IMG_1657-300x161.jpg 300w\" sizes=\"(max-width: 640px) 100vw, 640px\" \/><\/a><\/p>\n","protected":false},"excerpt":{"rendered":"<p>Ve velmi zaj\u00edmav\u00e9m rozhovoru Bohuslav Binka, vedouc\u00ed katedry environment\u00e1ln\u00edch studi\u00ed na Fakult\u011b soci\u00e1ln\u00edch studi\u00ed Masarykovy univerzity, komentuje mimo jin\u00e9 i s\u00edlu brn\u011bnsk\u00fdch zelen\u00fdch starostek: Za brn\u011bnsk\u00fdmi Zelen\u00fdmi nestoj\u00ed ani abstraktn\u00ed hesla o sv\u011btov\u00e9 revoluci, ani pot\u0159eba za ka\u017edou cenu provokovat. &hellip; <a href=\"http:\/\/zelenykomin.cz\/?p=1043\">Cel\u00fd p\u0159\u00edsp\u011bvek <span class=\"meta-nav\">&rarr;<\/span><\/a><\/p>\n","protected":false},"author":6,"featured_media":0,"comment_status":"open","ping_status":"open","sticky":false,"template":"","format":"standard","meta":{"footnotes":""},"categories":[8,1,10],"tags":[],"_links":{"self":[{"href":"http:\/\/zelenykomin.cz\/index.php?rest_route=\/wp\/v2\/posts\/1043"}],"collection":[{"href":"http:\/\/zelenykomin.cz\/index.php?rest_route=\/wp\/v2\/posts"}],"about":[{"href":"http:\/\/zelenykomin.cz\/index.php?rest_route=\/wp\/v2\/types\/post"}],"author":[{"embeddable":true,"href":"http:\/\/zelenykomin.cz\/index.php?rest_route=\/wp\/v2\/users\/6"}],"replies":[{"embeddable":true,"href":"http:\/\/zelenykomin.cz\/index.php?rest_route=%2Fwp%2Fv2%2Fcomments&post=1043"}],"version-history":[{"count":8,"href":"http:\/\/zelenykomin.cz\/index.php?rest_route=\/wp\/v2\/posts\/1043\/revisions"}],"predecessor-version":[{"id":1053,"href":"http:\/\/zelenykomin.cz\/index.php?rest_route=\/wp\/v2\/posts\/1043\/revisions\/1053"}],"wp:attachment":[{"href":"http:\/\/zelenykomin.cz\/index.php?rest_route=%2Fwp%2Fv2%2Fmedia&parent=1043"}],"wp:term":[{"taxonomy":"category","embeddable":true,"href":"http:\/\/zelenykomin.cz\/index.php?rest_route=%2Fwp%2Fv2%2Fcategories&post=1043"},{"taxonomy":"post_tag","embeddable":true,"href":"http:\/\/zelenykomin.cz\/index.php?rest_route=%2Fwp%2Fv2%2Ftags&post=1043"}],"curies":[{"name":"wp","href":"https:\/\/api.w.org\/{rel}","templated":true}]}}