{"id":1018,"date":"2017-10-20T21:24:03","date_gmt":"2017-10-20T19:24:03","guid":{"rendered":"http:\/\/zelenykomin.cz\/?p=1018"},"modified":"2017-10-20T21:36:42","modified_gmt":"2017-10-20T19:36:42","slug":"voda-ve-meste","status":"publish","type":"post","link":"http:\/\/zelenykomin.cz\/?p=1018","title":{"rendered":"Voda ve m\u011bst\u011b"},"content":{"rendered":"<p>V\u00edte kolik pr\u016fm\u011brn\u00fd Br\u0148an spot\u0159ebuje v pr\u016fm\u011bru vody? Co je to vodn\u00ed stopa? Pro\u010d je d\u016fle\u017eit\u00e9, aby voda ve m\u011bst\u011b tak\u00e9 vsakovala, m\u00edsto aby z n\u011bj jen odt\u00e9kala? Pokud ne, m\u016f\u017eete si st\u00e1hnout let\u00e1k z leto\u0161n\u00edho Tahu Kom\u00ednem: <a href=\"http:\/\/zelenykomin.cz\/wp-content\/uploads\/2017\/10\/letak_TAH-voda-2-2017.pdf\">pdf soubor VODA VE M\u011aST\u011a.<\/a><\/p>\n<p>Voda je jedn\u00edm z kl\u00ed\u010dov\u00fdch t\u00e9mat Zelen\u00fdch, viz <a href=\"https:\/\/www.zeleni.cz\/program\/\">PROGRAM ZELEN\u00ddCH 2017\u20132021.<\/a><\/p>\n<p><strong>O na\u0161\u00ed spole\u010dn\u00e9 budoucnosti rozhoduje ka\u017ed\u00fd hlas. Volebn\u00ed m\u00edstnosti se zav\u00edraj\u00ed a\u017e v sobotu 21. \u0159\u00edjna ve 14.00. Ud\u011blejte si \u010das a p\u0159ij\u010fte volit.<\/strong><\/p>\n<p><a href=\"http:\/\/zelenykomin.cz\/wp-content\/uploads\/2017\/10\/svratka_mlha-4.jpg\"><img loading=\"lazy\" decoding=\"async\" class=\"alignnone size-large wp-image-1020\" src=\"http:\/\/zelenykomin.cz\/wp-content\/uploads\/2017\/10\/svratka_mlha-4-1024x744.jpg\" alt=\"svratka_mlha-4\" width=\"640\" height=\"465\" srcset=\"http:\/\/zelenykomin.cz\/wp-content\/uploads\/2017\/10\/svratka_mlha-4-1024x744.jpg 1024w, http:\/\/zelenykomin.cz\/wp-content\/uploads\/2017\/10\/svratka_mlha-4-300x218.jpg 300w, http:\/\/zelenykomin.cz\/wp-content\/uploads\/2017\/10\/svratka_mlha-4.jpg 1584w\" sizes=\"(max-width: 640px) 100vw, 640px\" \/><\/a><\/p>\n","protected":false},"excerpt":{"rendered":"<p>V\u00edte kolik pr\u016fm\u011brn\u00fd Br\u0148an spot\u0159ebuje v pr\u016fm\u011bru vody? Co je to vodn\u00ed stopa? Pro\u010d je d\u016fle\u017eit\u00e9, aby voda ve m\u011bst\u011b tak\u00e9 vsakovala, m\u00edsto aby z n\u011bj jen odt\u00e9kala? Pokud ne, m\u016f\u017eete si st\u00e1hnout let\u00e1k z leto\u0161n\u00edho Tahu Kom\u00ednem: pdf soubor &hellip; <a href=\"http:\/\/zelenykomin.cz\/?p=1018\">Cel\u00fd p\u0159\u00edsp\u011bvek <span class=\"meta-nav\">&rarr;<\/span><\/a><\/p>\n","protected":false},"author":6,"featured_media":0,"comment_status":"open","ping_status":"open","sticky":false,"template":"","format":"standard","meta":{"footnotes":""},"categories":[5],"tags":[],"_links":{"self":[{"href":"http:\/\/zelenykomin.cz\/index.php?rest_route=\/wp\/v2\/posts\/1018"}],"collection":[{"href":"http:\/\/zelenykomin.cz\/index.php?rest_route=\/wp\/v2\/posts"}],"about":[{"href":"http:\/\/zelenykomin.cz\/index.php?rest_route=\/wp\/v2\/types\/post"}],"author":[{"embeddable":true,"href":"http:\/\/zelenykomin.cz\/index.php?rest_route=\/wp\/v2\/users\/6"}],"replies":[{"embeddable":true,"href":"http:\/\/zelenykomin.cz\/index.php?rest_route=%2Fwp%2Fv2%2Fcomments&post=1018"}],"version-history":[{"count":7,"href":"http:\/\/zelenykomin.cz\/index.php?rest_route=\/wp\/v2\/posts\/1018\/revisions"}],"predecessor-version":[{"id":1027,"href":"http:\/\/zelenykomin.cz\/index.php?rest_route=\/wp\/v2\/posts\/1018\/revisions\/1027"}],"wp:attachment":[{"href":"http:\/\/zelenykomin.cz\/index.php?rest_route=%2Fwp%2Fv2%2Fmedia&parent=1018"}],"wp:term":[{"taxonomy":"category","embeddable":true,"href":"http:\/\/zelenykomin.cz\/index.php?rest_route=%2Fwp%2Fv2%2Fcategories&post=1018"},{"taxonomy":"post_tag","embeddable":true,"href":"http:\/\/zelenykomin.cz\/index.php?rest_route=%2Fwp%2Fv2%2Ftags&post=1018"}],"curies":[{"name":"wp","href":"https:\/\/api.w.org\/{rel}","templated":true}]}}