{"id":1008,"date":"2017-10-06T21:28:57","date_gmt":"2017-10-06T19:28:57","guid":{"rendered":"http:\/\/zelenykomin.cz\/?p=1008"},"modified":"2017-10-06T21:38:04","modified_gmt":"2017-10-06T19:38:04","slug":"tah-okolo-komina-2","status":"publish","type":"post","link":"http:\/\/zelenykomin.cz\/?p=1008","title":{"rendered":"Tah okolo Kom\u00edna"},"content":{"rendered":"<div id=\"js_f\" class=\"_5pbx userContent\" data-ft=\"{&quot;tn&quot;:&quot;K&quot;}\">\n<p>P\u0159ijm\u011bte pozv\u00e1n\u00ed na ji\u017e \u010dtvrt\u00fd &#8222;TAH okolo KOM\u00cdNA&#8220;, a to na <strong>ned\u011bli 8.10. od 15.00 hod<\/strong>. Tentokr\u00e1t &#8222;pot\u00e1hneme&#8220; kolem \u0159eky z Kom\u00edna do Jundrova a zase zp\u011bt a jako v\u017edy m\u00e1me pro v\u00e1s p\u0159ipraveny hry, h\u00e1danky a jinou z\u00e1bavu. Hlavn\u00edm t\u00e9matem bude voda. V\u00edte, kolik j\u00ed ob\u010dan\u00e9 Brna vyto\u010d\u00ed z vodovodu, co to je vodn\u00ed stopa a jakou ji m\u00e1me? Jak to d\u011blaj\u00ed vodom\u011brky, \u017ee b\u011bhaj\u00ed po hladin\u011b? Jak \u0161irok\u00e1 je Svratka u sokolovny? P\u0159ij\u010fte se n\u011bco dozv\u011bd\u011bt a pohr\u00e1t si. A p\u0159esv\u011bd\u010dit se, \u017ee se to vz\u00e1jemn\u011b nevylu\u010duje.<\/p>\n<p>P\u0159idejte se po ned\u011bln\u00edm ob\u011bd\u011b k n\u00e1m. T\u011b\u0161\u00ed se na v\u00e1s tak\u00e9 l\u00eddr jihomoravsk\u00e9 zelen\u00e9 kandid\u00e1tky <a class=\"profileLink\" href=\"https:\/\/www.facebook.com\/michal.berg?fref=mentions\">Michal Berg,<\/a> <a class=\"profileLink\" href=\"https:\/\/www.facebook.com\/Ivana-Fajnorov%C3%A1-starostka-M%C4%8C-Brno-Jundrov-831126606968183\/?fref=mentions\">Ivana Fajnorov\u00e1<\/a> \u2013 starostka M\u010c Brno-Jundrov a <a class=\"profileLink\" href=\"https:\/\/www.facebook.com\/pg\/BlatnaKomin\/posts\/\">Milada Blatn\u00e1<\/a> \u2013 starostka M\u010c Brno-Kom\u00edn.<\/p>\n<p><a href=\"http:\/\/zelenykomin.cz\/wp-content\/uploads\/2017\/10\/Tah_okolo_Komina_2017.jpg\"><img loading=\"lazy\" decoding=\"async\" class=\"alignnone size-large wp-image-1009\" src=\"http:\/\/zelenykomin.cz\/wp-content\/uploads\/2017\/10\/Tah_okolo_Komina_2017-1024x514.jpg\" alt=\"Tah_okolo_Komina_2017\" width=\"640\" height=\"321\" srcset=\"http:\/\/zelenykomin.cz\/wp-content\/uploads\/2017\/10\/Tah_okolo_Komina_2017-1024x514.jpg 1024w, http:\/\/zelenykomin.cz\/wp-content\/uploads\/2017\/10\/Tah_okolo_Komina_2017-300x150.jpg 300w\" sizes=\"(max-width: 640px) 100vw, 640px\" \/><\/a><\/p>\n<\/div>\n","protected":false},"excerpt":{"rendered":"<p>P\u0159ijm\u011bte pozv\u00e1n\u00ed na ji\u017e \u010dtvrt\u00fd &#8222;TAH okolo KOM\u00cdNA&#8220;, a to na ned\u011bli 8.10. od 15.00 hod. Tentokr\u00e1t &#8222;pot\u00e1hneme&#8220; kolem \u0159eky z Kom\u00edna do Jundrova a zase zp\u011bt a jako v\u017edy m\u00e1me pro v\u00e1s p\u0159ipraveny hry, h\u00e1danky a jinou z\u00e1bavu. Hlavn\u00edm &hellip; <a href=\"http:\/\/zelenykomin.cz\/?p=1008\">Cel\u00fd p\u0159\u00edsp\u011bvek <span class=\"meta-nav\">&rarr;<\/span><\/a><\/p>\n","protected":false},"author":6,"featured_media":0,"comment_status":"open","ping_status":"open","sticky":false,"template":"","format":"standard","meta":{"footnotes":""},"categories":[5,8,1],"tags":[],"_links":{"self":[{"href":"http:\/\/zelenykomin.cz\/index.php?rest_route=\/wp\/v2\/posts\/1008"}],"collection":[{"href":"http:\/\/zelenykomin.cz\/index.php?rest_route=\/wp\/v2\/posts"}],"about":[{"href":"http:\/\/zelenykomin.cz\/index.php?rest_route=\/wp\/v2\/types\/post"}],"author":[{"embeddable":true,"href":"http:\/\/zelenykomin.cz\/index.php?rest_route=\/wp\/v2\/users\/6"}],"replies":[{"embeddable":true,"href":"http:\/\/zelenykomin.cz\/index.php?rest_route=%2Fwp%2Fv2%2Fcomments&post=1008"}],"version-history":[{"count":7,"href":"http:\/\/zelenykomin.cz\/index.php?rest_route=\/wp\/v2\/posts\/1008\/revisions"}],"predecessor-version":[{"id":1016,"href":"http:\/\/zelenykomin.cz\/index.php?rest_route=\/wp\/v2\/posts\/1008\/revisions\/1016"}],"wp:attachment":[{"href":"http:\/\/zelenykomin.cz\/index.php?rest_route=%2Fwp%2Fv2%2Fmedia&parent=1008"}],"wp:term":[{"taxonomy":"category","embeddable":true,"href":"http:\/\/zelenykomin.cz\/index.php?rest_route=%2Fwp%2Fv2%2Fcategories&post=1008"},{"taxonomy":"post_tag","embeddable":true,"href":"http:\/\/zelenykomin.cz\/index.php?rest_route=%2Fwp%2Fv2%2Ftags&post=1008"}],"curies":[{"name":"wp","href":"https:\/\/api.w.org\/{rel}","templated":true}]}}